{"id":1772,"date":"2024-10-17T09:34:08","date_gmt":"2024-10-17T14:34:08","guid":{"rendered":"https:\/\/dev.smk.agency\/corales\/?p=1772"},"modified":"2024-10-21T06:32:57","modified_gmt":"2024-10-21T11:32:57","slug":"cop-16","status":"publish","type":"post","link":"https:\/\/dev.smk.agency\/corales\/cop-16\/","title":{"rendered":"COP 16"},"content":{"rendered":"\t\t<div data-elementor-type=\"wp-post\" data-elementor-id=\"1772\" class=\"elementor elementor-1772\" data-elementor-post-type=\"post\">\n\t\t\t\t<div class=\"elementor-element elementor-element-8d8b41d e-flex e-con-boxed e-con e-parent\" data-id=\"8d8b41d\" data-element_type=\"container\">\n\t\t\t\t\t<div class=\"e-con-inner\">\n\t\t\t\t<div class=\"elementor-element elementor-element-9281922 elementor-widget elementor-widget-image\" data-id=\"9281922\" data-element_type=\"widget\" data-widget_type=\"image.default\">\n\t\t\t\t<div class=\"elementor-widget-container\">\n\t\t\t\t\t\t\t\t\t\t\t\t\t<img fetchpriority=\"high\" decoding=\"async\" width=\"700\" height=\"317\" src=\"https:\/\/dev.smk.agency\/corales\/wp-content\/uploads\/2024\/10\/COP16.jpg\" class=\"attachment-large size-large wp-image-1786\" alt=\"\" srcset=\"https:\/\/dev.smk.agency\/corales\/wp-content\/uploads\/2024\/10\/COP16.jpg 700w, https:\/\/dev.smk.agency\/corales\/wp-content\/uploads\/2024\/10\/COP16-300x136.jpg 300w\" sizes=\"(max-width: 700px) 100vw, 700px\" \/>\t\t\t\t\t\t\t\t\t\t\t\t\t<\/div>\n\t\t\t\t<\/div>\n\t\t\t\t<div class=\"elementor-element elementor-element-3dd0d98 elementor-widget elementor-widget-text-editor\" data-id=\"3dd0d98\" data-element_type=\"widget\" data-widget_type=\"text-editor.default\">\n\t\t\t\t<div class=\"elementor-widget-container\">\n\t\t\t\t\t\t\t<p>Este a\u00f1o se celebrar\u00e1 en Colombia la COP 16 (La Conferencia de las Naciones Unidas sobre Biodiversidad es una conferencia internacional , ser\u00e1 desde el 21 de octubre al 1 de noviembre de 2024 en la ciudad de Cali).<\/p><p><strong>El valor agregado de realizar la COP16 en Colombia radica en nuestra visi\u00f3n de \u2018Paz con la Naturaleza\u2019 y en reconocer que la verdadera lucha del siglo XXI es por la vida.<\/strong><\/p><p>NOTA COMPLETA <a href=\"https:\/\/www.noticiasrcn.com\/emisiones\/emision-7-00-pm-lunes-14-de-octubre-de-2024-760743\" target=\"_blank\" rel=\"noopener\">AC\u00c1<\/a><\/p>\t\t\t\t\t\t<\/div>\n\t\t\t\t<\/div>\n\t\t\t\t\t<\/div>\n\t\t\t\t<\/div>\n\t\t\t\t<\/div>\n\t\t","protected":false},"excerpt":{"rendered":"<p>Este a\u00f1o se celebrar\u00e1 en Colombia la COP 16 (La Conferencia de las Naciones Unidas sobre Biodiversidad es una conferencia internacional , ser\u00e1 desde el 21 de octubre al 1 de noviembre de 2024 en la ciudad de Cali).<\/p>\n","protected":false},"author":1,"featured_media":1790,"comment_status":"closed","ping_status":"open","sticky":false,"template":"","format":"standard","meta":{"footnotes":""},"categories":[1],"tags":[],"class_list":["post-1772","post","type-post","status-publish","format-standard","has-post-thumbnail","hentry","category-uncategorized"],"_links":{"self":[{"href":"https:\/\/dev.smk.agency\/corales\/wp-json\/wp\/v2\/posts\/1772","targetHints":{"allow":["GET"]}}],"collection":[{"href":"https:\/\/dev.smk.agency\/corales\/wp-json\/wp\/v2\/posts"}],"about":[{"href":"https:\/\/dev.smk.agency\/corales\/wp-json\/wp\/v2\/types\/post"}],"author":[{"embeddable":true,"href":"https:\/\/dev.smk.agency\/corales\/wp-json\/wp\/v2\/users\/1"}],"replies":[{"embeddable":true,"href":"https:\/\/dev.smk.agency\/corales\/wp-json\/wp\/v2\/comments?post=1772"}],"version-history":[{"count":13,"href":"https:\/\/dev.smk.agency\/corales\/wp-json\/wp\/v2\/posts\/1772\/revisions"}],"predecessor-version":[{"id":1815,"href":"https:\/\/dev.smk.agency\/corales\/wp-json\/wp\/v2\/posts\/1772\/revisions\/1815"}],"wp:featuredmedia":[{"embeddable":true,"href":"https:\/\/dev.smk.agency\/corales\/wp-json\/wp\/v2\/media\/1790"}],"wp:attachment":[{"href":"https:\/\/dev.smk.agency\/corales\/wp-json\/wp\/v2\/media?parent=1772"}],"wp:term":[{"taxonomy":"category","embeddable":true,"href":"https:\/\/dev.smk.agency\/corales\/wp-json\/wp\/v2\/categories?post=1772"},{"taxonomy":"post_tag","embeddable":true,"href":"https:\/\/dev.smk.agency\/corales\/wp-json\/wp\/v2\/tags?post=1772"}],"curies":[{"name":"wp","href":"https:\/\/api.w.org\/{rel}","templated":true}]}}